{"id":458,"date":"2022-11-24T14:49:57","date_gmt":"2022-11-24T13:49:57","guid":{"rendered":"https:\/\/swisscai.ch\/?p=458"},"modified":"2023-09-21T08:44:02","modified_gmt":"2023-09-21T06:44:02","slug":"konferenz-menschenzentrierte-kuenstliche-intelligenz-herausforderungen-und-perspektiven-fuer-wirtschaft-und-gesellschaft","status":"publish","type":"post","link":"https:\/\/swisscai.ch\/index.php\/2022\/11\/24\/konferenz-menschenzentrierte-kuenstliche-intelligenz-herausforderungen-und-perspektiven-fuer-wirtschaft-und-gesellschaft\/","title":{"rendered":"Menschzentrierte k\u00fcnstliche Intelligenz"},"content":{"rendered":"<p>[av_layerslider id=&#8217;3&#8242; av_uid=&#8217;av-a54n6&#8242;]<\/p>\n<p>[av_textblock size=&#187; av-medium-font-size=&#187; av-small-font-size=&#187; av-mini-font-size=&#187; font_color=&#187; color=&#187; id=&#187; custom_class=&#187; av_uid=&#8217;av-lb248iuo&#8216; admin_preview_bg=&#187;]<\/p>\n<h1>Menschzentrierte k\u00fcnstliche Intelligenz<\/h1>\n<h4>Herausforderungen und Perspektiven f\u00fcr Wirtschaft und Gesellschaft<\/h4>\n<p>[\/av_textblock]<\/p>\n<p>[av_textblock size=&#187; av-medium-font-size=&#187; av-small-font-size=&#187; av-mini-font-size=&#187; font_color=&#187; color=&#187; id=&#187; custom_class=&#187; av_uid=&#8217;av-lmsswjs4&#8242; admin_preview_bg=&#187;]<br \/>\nDie Konferenz fand am Donnerstag, den 17. November 2022, in Bern statt.<br \/>\n[\/av_textblock]<\/p>\n<p>[av_horizontal_gallery ids=&#8217;401,404,413,416,419,422,425,428,431,434,437&#8242; height=&#8217;25&#8216; size=&#8217;large&#8216; gap=&#8217;large&#8216; active=&#8217;enlarge&#8216; initial=&#187; control_layout=&#8217;av-control-default&#8216; links=&#8217;active&#8216; link_dest=&#187; lightbox_text=&#8217;description&#8216; lazy_loading=&#8217;disabled&#8216; id=&#187; custom_class=&#187; av_uid=&#8217;av-latmzhro&#8216;][\/av_horizontal_gallery]<\/p>\n<p>[av_textblock size=&#187; av-medium-font-size=&#187; av-small-font-size=&#187; av-mini-font-size=&#187; font_color=&#187; color=&#187; id=&#187; custom_class=&#187; av_uid=&#8217;av-6sqje&#8216; admin_preview_bg=&#187;]<br \/>\nEine menschenzentrierte k\u00fcnstliche Intelligenz. Mit dem Ziel, dieses breite Thema anzugehen und das Potenzial der augmented intelligence vorzustellen, hat SCAI \u2013 Swiss Center for Augmented Intelligence am Donnerstag, 17. November im Kornhausforum Bern seine erste \u00f6ffentliche Veranstaltung abgehalten.<\/p>\n<p>Die Konferenz wurde durch qualitativ hochstehende Beitr\u00e4ge von Erich Fehr, Stadtpr\u00e4sident von Biel und Vorstandsmitglied der Hauptstadtregion Schweiz, und Christian Levrat, Verwaltungsratspr\u00e4sident der Schweizerischen Post, bereichert. In Anwesenheit von rund 50 Personen aus Wissenschaft, Wirtschaft und Politik betonten die Rednerinnen und Redner die Notwendigkeit, in dieses Forschungsfeld zu investieren. Ob in der Grundlagenforschung, als fachliche Expertise f\u00fcr staatliche Entscheidungstr\u00e4ger und Entscheidungstr\u00e4gerinnen oder auch im Wissenstransfer &#8211; augmented intelligence weist ein immenses Potenzial f\u00fcr die gesamte Gesellschaft auf.<\/p>\n<p>Denis Lalanne von der Universit\u00e4t Freiburg, der die Strategiegruppe anf\u00fchrt, die seit fast zwei Jahren f\u00fcr die Entwicklung von SCAI verantwortlich ist, erl\u00e4uterte die Grundz\u00fcge der augmented intelligence, ihre gr\u00f6ssten Herausforderungen und m\u00f6gliche Anwendungen anhand von konkreten Beispielen. Mascha Kurpicz-Briki, Professorin an der Berner Fachhochschule, erl\u00e4uterte anhand verschiedener Projekte die M\u00f6glichkeiten und Vorteile des Natural Language Processing, wenn dieses auf den Menschen fokussiert ist. Dieser Teilbereich der k\u00fcnstlichen Intelligenz befasst sich mit computergest\u00fctzten Ans\u00e4tzen zur Verarbeitung, zum Verst\u00e4ndnis und zur Schaffung von menschlichen Sprachen. Die beiden Forschenden beteiligten sich anschliessend an der Podiumsdiskussion, zu der auch Fran\u00e7ois Kuonen, CEO der Intermobility AG, und Alexandra Tanner von der Digitalen Verwaltung der Stadt Bern geladen waren.<\/p>\n<p><a href=\"https:\/\/swisscai.ch\/wp-content\/uploads\/2022\/10\/SCAI_Programm_2023_DE_LY04.pdf\" target=\"_blank\" rel=\"noopener\">Programm (PDF)<\/a><br \/>\n[\/av_textblock]<\/p>\n","protected":false},"excerpt":{"rendered":"<p>[av_layerslider id=&#8217;3&#8242; av_uid=&#8217;av-a54n6&#8242;] [av_textblock size=&#187; av-medium-font-size=&#187; av-small-font-size=&#187; av-mini-font-size=&#187; font_color=&#187; color=&#187; id=&#187; custom_class=&#187; av_uid=&#8217;av-lb248iuo&#8216; admin_preview_bg=&#187;] Menschzentrierte k\u00fcnstliche Intelligenz Herausforderungen und Perspektiven f\u00fcr Wirtschaft und Gesellschaft [\/av_textblock] [av_textblock size=&#187; av-medium-font-size=&#187; av-small-font-size=&#187; av-mini-font-size=&#187; font_color=&#187; color=&#187; id=&#187; custom_class=&#187; av_uid=&#8217;av-lmsswjs4&#8242; admin_preview_bg=&#187;] Die Konferenz fand am Donnerstag, den 17. November 2022, in Bern statt. [\/av_textblock] [av_horizontal_gallery ids=&#8217;401,404,413,416,419,422,425,428,431,434,437&#8242; height=&#8217;25&#8216; size=&#8217;large&#8216; gap=&#8217;large&#8216; active=&#8217;enlarge&#8216; &hellip; <\/p>\n<p class=\"link-more\"><a href=\"https:\/\/swisscai.ch\/index.php\/2022\/11\/24\/konferenz-menschenzentrierte-kuenstliche-intelligenz-herausforderungen-und-perspektiven-fuer-wirtschaft-und-gesellschaft\/\" class=\"more-link\">Read more<span class=\"screen-reader-text\"> &#171;Menschzentrierte k\u00fcnstliche Intelligenz&#187;<\/span><\/a><\/p>\n","protected":false},"author":2,"featured_media":0,"comment_status":"closed","ping_status":"open","sticky":false,"template":"","format":"standard","meta":{"footnotes":""},"categories":[],"tags":[],"class_list":["post-458","post","type-post","status-publish","format-standard","hentry"],"_links":{"self":[{"href":"https:\/\/swisscai.ch\/index.php\/wp-json\/wp\/v2\/posts\/458","targetHints":{"allow":["GET"]}}],"collection":[{"href":"https:\/\/swisscai.ch\/index.php\/wp-json\/wp\/v2\/posts"}],"about":[{"href":"https:\/\/swisscai.ch\/index.php\/wp-json\/wp\/v2\/types\/post"}],"author":[{"embeddable":true,"href":"https:\/\/swisscai.ch\/index.php\/wp-json\/wp\/v2\/users\/2"}],"replies":[{"embeddable":true,"href":"https:\/\/swisscai.ch\/index.php\/wp-json\/wp\/v2\/comments?post=458"}],"version-history":[{"count":17,"href":"https:\/\/swisscai.ch\/index.php\/wp-json\/wp\/v2\/posts\/458\/revisions"}],"predecessor-version":[{"id":725,"href":"https:\/\/swisscai.ch\/index.php\/wp-json\/wp\/v2\/posts\/458\/revisions\/725"}],"wp:attachment":[{"href":"https:\/\/swisscai.ch\/index.php\/wp-json\/wp\/v2\/media?parent=458"}],"wp:term":[{"taxonomy":"category","embeddable":true,"href":"https:\/\/swisscai.ch\/index.php\/wp-json\/wp\/v2\/categories?post=458"},{"taxonomy":"post_tag","embeddable":true,"href":"https:\/\/swisscai.ch\/index.php\/wp-json\/wp\/v2\/tags?post=458"}],"curies":[{"name":"wp","href":"https:\/\/api.w.org\/{rel}","templated":true}]}}