{"id":483,"date":"2022-11-24T14:49:57","date_gmt":"2022-11-24T13:49:57","guid":{"rendered":"https:\/\/swisscai.ch\/index.php\/2022\/11\/24\/lintelligence-augmentee-fait-parler-delle\/"},"modified":"2023-10-25T15:36:02","modified_gmt":"2023-10-25T13:36:02","slug":"lintelligence-augmentee-fait-parler-delle","status":"publish","type":"post","link":"https:\/\/swisscai.ch\/index.php\/2022\/11\/24\/lintelligence-augmentee-fait-parler-delle\/","title":{"rendered":"Intelligence artificielle centr\u00e9e sur l\u2019humain"},"content":{"rendered":"[av_section min_height=&#187; min_height_pc=&#8217;25&#8216; min_height_px=&#8217;500px&#8216; padding=&#8217;default&#8216; margin=&#187; custom_margin=&#8217;0px&#8216; color=&#8217;main_color&#8216; background=&#8217;bg_color&#8216; custom_bg=&#187; background_gradient_color1=&#187; background_gradient_color2=&#187; background_gradient_direction=&#8217;vertical&#8216; src=&#187; attach=&#8217;scroll&#8216; position=&#8217;top left&#8216; repeat=&#8217;no-repeat&#8216; video=&#187; video_ratio=&#8217;16:9&#8242; video_mobile_disabled=&#187; overlay_enable=&#187; overlay_opacity=&#8217;0.5&#8242; overlay_color=&#187; overlay_pattern=&#187; overlay_custom_pattern=&#187; shadow=&#8217;no-border-styling&#8216; bottom_border=&#8217;no-border-styling&#8216; bottom_border_diagonal_color=&#8217;#333333&#8242; bottom_border_diagonal_direction=&#8217;scroll&#8216; bottom_border_style=&#8217;scroll&#8216; scroll_down=&#187; custom_arrow_bg=&#187; av-desktop-hide=&#187; av-medium-hide=&#187; av-small-hide=&#187; av-mini-hide=&#187; id=&#187; custom_class=&#187; aria_label=&#187; av_element_hidden_in_editor=&#8217;0&#8242; av_uid=&#8217;av-2qze&#8216;]\r\n\r\n[av_textblock size=&#187; av-medium-font-size=&#187; av-small-font-size=&#187; av-mini-font-size=&#187; font_color=&#187; color=&#8217;#ffffff&#8216; id=&#187; custom_class=&#187; av_uid=&#8217;av-38p6&#8242; admin_preview_bg=&#187;]\r\n<h2 style=\"text-align: left;\"><b><span data-contrast=\"auto\">Intelligence artificielle centr\u00e9e sur l\u2019humain\r\n<\/span><\/b><\/h2>\r\n<h4 style=\"text-align: left;\"><b><span data-contrast=\"auto\">Enjeux et perspectives pour l\u2019\u00e9conomie et la soci\u00e9t\u00e9<\/span><\/b><span data-ccp-props=\"{\">\u00a0<\/span><span data-ccp-props=\"{\">\u00a0<\/span><\/h4>\r\n\r\n[\/av_textblock]\r\n\r\n[av_textblock size=&#187; av-medium-font-size=&#187; av-small-font-size=&#187; av-mini-font-size=&#187; font_color=&#187; color=&#8217;#ffffff&#8216; id=&#187; custom_class=&#187; av_uid=&#8217;av-l4cqa53i&#8216; admin_preview_bg=&#187;]\r\n<p style=\"text-align: left;\">La conf\u00e9rence a eu lieu le jeudi 17 novembre 2022 \u00e0 Berne.<\/p>\r\n[\/av_textblock]\r\n\r\n[av_horizontal_gallery ids=&#8217;401,404,413,416,419,422,425,428,431,434,437&#8242; height=&#8217;25&#8216; size=&#8217;large&#8216; gap=&#8217;large&#8216; active=&#8217;enlarge&#8216; initial=&#187; control_layout=&#8217;av-control-default&#8216; links=&#8217;active&#8216; link_dest=&#187; lightbox_text=&#8217;description&#8216; lazy_loading=&#8217;disabled&#8216; id=&#187; custom_class=&#187; av_uid=&#8217;av-latmzhro&#8216;][\/av_horizontal_gallery]\r\n\r\n[\/av_section][av_textblock size=&#187; av-medium-font-size=&#187; av-small-font-size=&#187; av-mini-font-size=&#187; font_color=&#187; color=&#187; id=&#187; custom_class=&#187; av_uid=&#8217;av-6sqje&#8216; admin_preview_bg=&#187;]\r\nUne intelligence artificielle centr\u00e9e sur l\u2019humain. C\u2019est avec l\u2019objectif d\u2019aborder ce vaste sujet et de pr\u00e9senter le potentiel de l\u2019intelligence augment\u00e9e que SCAI &#8211; Swiss Center for Augmented Intelligence a tenu son premier \u00e9v\u00e8nement public, jeudi 17 novembre au Kornhausforum de Berne.\r\n\r\nLa conf\u00e9rence a profit\u00e9 des contributions de qualit\u00e9 apport\u00e9es par Erich Fehr, maire de Bienne et membre du comit\u00e9 de la R\u00e9gion capitale suisse et Christian Levrat, Pr\u00e9sident du conseil d\u2019administration de la Poste Suisse. En pr\u00e9sence d\u2019une cinquantaine de personnes issues du milieu acad\u00e9mique, de l\u2019\u00e9conomie et de la politique, les intervenantes et intervenants ont d\u00e9montr\u00e9 la n\u00e9cessit\u00e9 d\u2019investir dans ce champ d\u2019\u00e9tude. Que ce soit en mati\u00e8re de recherche fondamentale, d\u2019expertise \u00e0 destination des d\u00e9cideurs et d\u00e9cideuses publiques ou encore de transfert de connaissance, l\u2019intelligence augment\u00e9e repr\u00e9sente un potentiel immense pour l\u2019ensemble de la soci\u00e9t\u00e9.\r\n\r\nDenis Lalanne de l\u2019universit\u00e9 de Fribourg, fer de lance du groupe strat\u00e9gique responsable du d\u00e9veloppement de SCAI depuis pr\u00e8s de deux ans, a pr\u00e9sent\u00e9 les grandes lignes de l\u2019intelligence augment\u00e9e, ses principaux challenges ainsi que de potentielles applications gr\u00e2ce \u00e0 des exemples concrets. Mascha Kurpicz-Briki, professeure \u00e0 la Haute \u00e9cole sp\u00e9cialis\u00e9e bernoise a quant \u00e0 elle exemplifi\u00e9, au travers de divers projets, les opportunit\u00e9s et b\u00e9n\u00e9fices du \u00ab\u00a0Natural Language Processing\u00a0\u00bb lorsqu\u2019il est centr\u00e9 sur l\u2019humain. Ce sous domaine de l\u2019intelligence artificielle concerne les approches informatiques du traitement, de la compr\u00e9hension et de la cr\u00e9ation de langues humaines. Les deux chercheurs ont ensuite particip\u00e9 \u00e0 la table ronde \u00e0 laquelle \u00e9taient \u00e9galement convi\u00e9s Fran\u00e7ois Kuonen, CEO d\u2019Intermobility SA et Alexandra Tanner de l\u2019administration num\u00e9rique de la Ville de Berne.\r\n\r\nAvec le soutien de la R\u00e9gion capitale suisse, SCAI, un r\u00e9seau compos\u00e9 de dix instituts de recherche des cantons de Fribourg, Neuch\u00e2tel, Berne, Soleure et du Valais poursuivra le d\u00e9veloppement de sa structure organisationnelle dans les mois \u00e0 venir.\r\n[\/av_textblock]<!-- \/wp:post-content -->","protected":false},"excerpt":{"rendered":"<p>[av_section min_height=&#187; min_height_pc=&#8217;25&#8216; min_height_px=&#8217;500px&#8216; padding=&#8217;default&#8216; margin=&#187; custom_margin=&#8217;0px&#8216; color=&#8217;main_color&#8216; background=&#8217;bg_color&#8216; custom_bg=&#187; background_gradient_color1=&#187; background_gradient_color2=&#187; background_gradient_direction=&#8217;vertical&#8216; src=&#187; attach=&#8217;scroll&#8216; position=&#8217;top left&#8216; repeat=&#8217;no-repeat&#8216; video=&#187; video_ratio=&#8217;16:9&#8242; video_mobile_disabled=&#187; overlay_enable=&#187; overlay_opacity=&#8217;0.5&#8242; overlay_color=&#187; overlay_pattern=&#187; overlay_custom_pattern=&#187; shadow=&#8217;no-border-styling&#8216; bottom_border=&#8217;no-border-styling&#8216; bottom_border_diagonal_color=&#8217;#333333&#8242; bottom_border_diagonal_direction=&#8217;scroll&#8216; bottom_border_style=&#8217;scroll&#8216; scroll_down=&#187; custom_arrow_bg=&#187; av-desktop-hide=&#187; av-medium-hide=&#187; av-small-hide=&#187; av-mini-hide=&#187; id=&#187; custom_class=&#187; aria_label=&#187; av_element_hidden_in_editor=&#8217;0&#8242; av_uid=&#8217;av-2qze&#8216;] [av_textblock size=&#187; av-medium-font-size=&#187; av-small-font-size=&#187; av-mini-font-size=&#187; font_color=&#187; color=&#8217;#ffffff&#8216; id=&#187; custom_class=&#187; av_uid=&#8217;av-38p6&#8242; admin_preview_bg=&#187;] Intelligence artificielle &hellip; <\/p>\n<p class=\"link-more\"><a href=\"https:\/\/swisscai.ch\/index.php\/2022\/11\/24\/lintelligence-augmentee-fait-parler-delle\/\" class=\"more-link\">Read more<span class=\"screen-reader-text\"> &#171;Intelligence artificielle centr\u00e9e sur l\u2019humain&#187;<\/span><\/a><\/p>\n","protected":false},"author":2,"featured_media":0,"comment_status":"closed","ping_status":"open","sticky":false,"template":"","format":"standard","meta":{"footnotes":""},"categories":[],"tags":[],"class_list":["post-483","post","type-post","status-publish","format-standard","hentry"],"_links":{"self":[{"href":"https:\/\/swisscai.ch\/index.php\/wp-json\/wp\/v2\/posts\/483","targetHints":{"allow":["GET"]}}],"collection":[{"href":"https:\/\/swisscai.ch\/index.php\/wp-json\/wp\/v2\/posts"}],"about":[{"href":"https:\/\/swisscai.ch\/index.php\/wp-json\/wp\/v2\/types\/post"}],"author":[{"embeddable":true,"href":"https:\/\/swisscai.ch\/index.php\/wp-json\/wp\/v2\/users\/2"}],"replies":[{"embeddable":true,"href":"https:\/\/swisscai.ch\/index.php\/wp-json\/wp\/v2\/comments?post=483"}],"version-history":[{"count":10,"href":"https:\/\/swisscai.ch\/index.php\/wp-json\/wp\/v2\/posts\/483\/revisions"}],"predecessor-version":[{"id":670,"href":"https:\/\/swisscai.ch\/index.php\/wp-json\/wp\/v2\/posts\/483\/revisions\/670"}],"wp:attachment":[{"href":"https:\/\/swisscai.ch\/index.php\/wp-json\/wp\/v2\/media?parent=483"}],"wp:term":[{"taxonomy":"category","embeddable":true,"href":"https:\/\/swisscai.ch\/index.php\/wp-json\/wp\/v2\/categories?post=483"},{"taxonomy":"post_tag","embeddable":true,"href":"https:\/\/swisscai.ch\/index.php\/wp-json\/wp\/v2\/tags?post=483"}],"curies":[{"name":"wp","href":"https:\/\/api.w.org\/{rel}","templated":true}]}}